{"id":9673,"date":"2026-04-27T12:22:12","date_gmt":"2026-04-27T10:22:12","guid":{"rendered":"https:\/\/aliainvestinalicante.com\/alicante-futura-et-the-ocean-race-analysent-de-nouveaux-modes-de-collaboration-apres-avoir-signe-laccord-committed-partner\/"},"modified":"2026-04-27T12:22:12","modified_gmt":"2026-04-27T10:22:12","slug":"alicante-futura-et-the-ocean-race-analysent-de-nouveaux-modes-de-collaboration-apres-avoir-signe-laccord-committed-partner","status":"publish","type":"post","link":"https:\/\/aliainvestinalicante.com\/fr\/alicante-futura-et-the-ocean-race-analysent-de-nouveaux-modes-de-collaboration-apres-avoir-signe-laccord-committed-partner\/","title":{"rendered":"Alicante Futura et The Ocean Race analysent de nouveaux modes de collaboration apr\u00e8s avoir sign\u00e9 l&rsquo;accord Committed Partner."},"content":{"rendered":"<p class=\"p2\">Alicante Futura-ALIA et <b>The Ocean Race <\/b>se sont rencontr\u00e9s \u00e0 nouveau pour aborder les d\u00e9fis et les opportunit\u00e9s \u00e0 venir suite \u00e0 la r\u00e9cente signature de l&rsquo;<b>accord de partenariat <\/b>entre les deux entit\u00e9s.<\/p>\n<p class=\"p2\">L&rsquo;Ocean Race est un \u00e9v\u00e9nement mondial qui va au-del\u00e0 de la sph\u00e8re sportive, car il combine l&rsquo;aventure, le d\u00e9fi humain, la technologie et l&rsquo;innovation, des \u00e9l\u00e9ments qui s&rsquo;inscrivent parfaitement dans la strat\u00e9gie de la ville d&rsquo;Alicante et qui donnent un sens \u00e0 cet accord de coop\u00e9ration.<\/p>\n<p class=\"p2\">Dans le but d&rsquo;<b>explorer les possibilit\u00e9s de collaboration <\/b>pour promouvoir le positionnement d&rsquo;Alicante en tant que ville innovante et augmenter sa projection internationale, le plan d&rsquo;action d\u00e9velopp\u00e9 par The Ocean Race a \u00e9t\u00e9 explor\u00e9 en profondeur.<\/p>\n<p><img fetchpriority=\"high\" decoding=\"async\" class=\"wp-image-9668 size-large aligncenter\" src=\"https:\/\/aliainvestinalicante.com\/wp-content\/uploads\/\/the-ocean-race-2-576x1024.jpg\" alt=\"\" width=\"576\" height=\"1024\" srcset=\"https:\/\/aliainvestinalicante.com\/wp-content\/uploads\/the-ocean-race-2-576x1024.jpg 576w, https:\/\/aliainvestinalicante.com\/wp-content\/uploads\/the-ocean-race-2-169x300.jpg 169w, https:\/\/aliainvestinalicante.com\/wp-content\/uploads\/the-ocean-race-2-768x1366.jpg 768w, https:\/\/aliainvestinalicante.com\/wp-content\/uploads\/the-ocean-race-2-864x1536.jpg 864w, https:\/\/aliainvestinalicante.com\/wp-content\/uploads\/the-ocean-race-2.jpg 1000w\" sizes=\"(max-width: 576px) 100vw, 576px\" \/><\/p>\n<p class=\"p2\">Dans ce contexte, la composante technologique de la r\u00e9gate est particuli\u00e8rement pertinente, car elle est confront\u00e9e \u00e0 d&rsquo;importants d\u00e9fis li\u00e9s \u00e0 la transmission en temps r\u00e9el des donn\u00e9es des bateaux pendant la comp\u00e9tition et \u00e0 leur diffusion en direct. \u00c0 cette fin, l&rsquo;organisation a r\u00e9alis\u00e9 un investissement important dans l&rsquo;innovation technologique bas\u00e9e sur l&rsquo;utilisation de syst\u00e8mes satellitaires qui garantissent le bon d\u00e9roulement de l&rsquo;\u00e9v\u00e9nement.<\/p>\n<p class=\"p2\">Vicente Segu\u00ed, directeur g\u00e9n\u00e9ral de l&#8217;emploi, du d\u00e9veloppement des entreprises et de la nouvelle \u00e9conomie, Javier Morales, chef des services des nouvelles technologies et de l&rsquo;innovation, et l&rsquo;\u00e9quipe de coordination des strat\u00e9gies Alicante Futura et ALIA ont particip\u00e9 \u00e0 la r\u00e9union.<\/p>\n<p class=\"p2\">The Ocean Race \u00e9tait repr\u00e9sent\u00e9e par Sebasti\u00e1n de Prado, responsable de la technologie, Marino Palmquist, responsable du sponsoring sportif, Andrea Tagliamacco, responsable des projets sp\u00e9ciaux, et Stefan\u00eda Esteve, directrice des finances et des relations publiques.<\/p>\n<p class=\"p2\">Cet accord met en \u00e9vidence le grand potentiel qu&rsquo;Alicante est en train d&rsquo;acqu\u00e9rir en tant que <b>ville engag\u00e9e dans l&rsquo;innovation<\/b>, et sa volont\u00e9 de continuer \u00e0 progresser dans l&rsquo;application de la technologie, de la durabilit\u00e9 et du d\u00e9veloppement urbain en tant qu&rsquo;axes strat\u00e9giques pour l&rsquo;avenir.<\/p>\n","protected":false},"excerpt":{"rendered":"<p>Alicante Futura-ALIA et The Ocean Race se sont rencontr\u00e9s \u00e0 nouveau pour aborder les d\u00e9fis et les opportunit\u00e9s \u00e0 venir suite \u00e0 la r\u00e9cente signature de l&rsquo;accord de partenariat entre [&hellip;]<\/p>\n","protected":false},"author":3,"featured_media":9672,"comment_status":"closed","ping_status":"closed","sticky":false,"template":"","format":"standard","meta":{"footnotes":""},"categories":[55],"tags":[],"class_list":["post-9673","post","type-post","status-publish","format-standard","has-post-thumbnail","hentry","category-non-categorise"],"_links":{"self":[{"href":"https:\/\/aliainvestinalicante.com\/fr\/wp-json\/wp\/v2\/posts\/9673","targetHints":{"allow":["GET"]}}],"collection":[{"href":"https:\/\/aliainvestinalicante.com\/fr\/wp-json\/wp\/v2\/posts"}],"about":[{"href":"https:\/\/aliainvestinalicante.com\/fr\/wp-json\/wp\/v2\/types\/post"}],"author":[{"embeddable":true,"href":"https:\/\/aliainvestinalicante.com\/fr\/wp-json\/wp\/v2\/users\/3"}],"replies":[{"embeddable":true,"href":"https:\/\/aliainvestinalicante.com\/fr\/wp-json\/wp\/v2\/comments?post=9673"}],"version-history":[{"count":0,"href":"https:\/\/aliainvestinalicante.com\/fr\/wp-json\/wp\/v2\/posts\/9673\/revisions"}],"wp:featuredmedia":[{"embeddable":true,"href":"https:\/\/aliainvestinalicante.com\/fr\/wp-json\/wp\/v2\/media\/9672"}],"wp:attachment":[{"href":"https:\/\/aliainvestinalicante.com\/fr\/wp-json\/wp\/v2\/media?parent=9673"}],"wp:term":[{"taxonomy":"category","embeddable":true,"href":"https:\/\/aliainvestinalicante.com\/fr\/wp-json\/wp\/v2\/categories?post=9673"},{"taxonomy":"post_tag","embeddable":true,"href":"https:\/\/aliainvestinalicante.com\/fr\/wp-json\/wp\/v2\/tags?post=9673"}],"curies":[{"name":"wp","href":"https:\/\/api.w.org\/{rel}","templated":true}]}}