{"id":9662,"date":"2026-04-26T21:40:43","date_gmt":"2026-04-26T19:40:43","guid":{"rendered":"https:\/\/aliainvestinalicante.com\/alicante-renforce-son-alliance-avec-the-ocean-race-pour-stimuler-linnovation-et-le-rayonnement-international-de-la-ville\/"},"modified":"2026-04-26T21:40:43","modified_gmt":"2026-04-26T19:40:43","slug":"alicante-renforce-son-alliance-avec-the-ocean-race-pour-stimuler-linnovation-et-le-rayonnement-international-de-la-ville","status":"publish","type":"post","link":"https:\/\/aliainvestinalicante.com\/fr\/alicante-renforce-son-alliance-avec-the-ocean-race-pour-stimuler-linnovation-et-le-rayonnement-international-de-la-ville\/","title":{"rendered":"Alicante renforce son alliance avec The Ocean Race pour stimuler l&rsquo;innovation et le rayonnement international de la ville"},"content":{"rendered":"<p class=\"p2\">L&rsquo;Hon. Le maire d&rsquo;Alicante, Luis Barcala, a visit\u00e9 lundi les installations de l&rsquo;Ocean Race dans le port d&rsquo;Alicante pour officialiser la signature d&rsquo;un nouveau protocole de collaboration avec Richard Brisius, pr\u00e9sident de l&rsquo;organisation. Cet accord consolide la relation entre les deux entit\u00e9s et renforce l&rsquo;engagement commun en faveur de l&rsquo;innovation, de la durabilit\u00e9 et du rayonnement international de la ville.<\/p>\n<h3 class=\"p3\"><b>Un accord strat\u00e9gique pour stimuler l&rsquo;innovation \u00e0 Alicante  <\/b><\/h3>\n<p class=\"p2\">L&rsquo;objectif de ce protocole est de promouvoir une collaboration strat\u00e9gique visant \u00e0 renforcer la position d&rsquo;Alicante en tant que r\u00e9f\u00e9rence internationale en mati\u00e8re d&rsquo;innovation, de technologie et de d\u00e9veloppement urbain.<\/p>\n<p><img fetchpriority=\"high\" decoding=\"async\" class=\"alignnone wp-image-9648 size-full\" src=\"https:\/\/aliainvestinalicante.com\/wp-content\/uploads\/1C9A4523b.jpg\" alt=\"\" width=\"1000\" height=\"428\" srcset=\"https:\/\/aliainvestinalicante.com\/wp-content\/uploads\/1C9A4523b.jpg 1000w, https:\/\/aliainvestinalicante.com\/wp-content\/uploads\/1C9A4523b-300x128.jpg 300w, https:\/\/aliainvestinalicante.com\/wp-content\/uploads\/1C9A4523b-768x329.jpg 768w\" sizes=\"(max-width: 1000px) 100vw, 1000px\" \/><\/p>\n<h3 class=\"p2\"><b>Alicante, port de d\u00e9part de The Ocean Race 2027  <\/b><\/h3>\n<p class=\"p3\">Au cours de la r\u00e9union, le r\u00f4le d&rsquo;Alicante en tant que port de d\u00e9part de The Ocean Race en 2027 a \u00e9t\u00e9 soulign\u00e9, et le maire a r\u00e9affirm\u00e9 l&rsquo;engagement du conseil municipal d&rsquo;Alicante \u00e0 faire en sorte que la ville continue d&rsquo;\u00eatre le point de d\u00e9part des futures \u00e9ditions de la comp\u00e9tition.<\/p>\n<p><img decoding=\"async\" class=\"alignnone wp-image-9647 size-full\" src=\"https:\/\/aliainvestinalicante.com\/wp-content\/uploads\/1C9A4419b.jpg\" alt=\"\" width=\"1000\" height=\"697\" srcset=\"https:\/\/aliainvestinalicante.com\/wp-content\/uploads\/1C9A4419b.jpg 1000w, https:\/\/aliainvestinalicante.com\/wp-content\/uploads\/1C9A4419b-300x209.jpg 300w, https:\/\/aliainvestinalicante.com\/wp-content\/uploads\/1C9A4419b-768x535.jpg 768w\" sizes=\"(max-width: 1000px) 100vw, 1000px\" \/><\/p>\n<p class=\"p1\">Le statut de partenaire engag\u00e9 acquis apr\u00e8s la signature renforce un cadre de coop\u00e9ration stable entre la mairie d&rsquo;Alicante et The Ocean Race, qui permettra de d\u00e9velopper des initiatives conjointes li\u00e9es \u00e0 la durabilit\u00e9, \u00e0 la transformation num\u00e9rique et \u00e0 l&rsquo;innovation.<\/p>\n<p class=\"p1\">Avec ce grand pas en avant, Alicante continue de consolider son r\u00f4le en tant que site cl\u00e9 pour la course \u00e0 la voile autour du monde et en tant que ville innovante ouverte \u00e0 la collaboration internationale.<\/p>\n","protected":false},"excerpt":{"rendered":"<p>L&rsquo;Hon. Le maire d&rsquo;Alicante, Luis Barcala, a visit\u00e9 lundi les installations de l&rsquo;Ocean Race dans le port d&rsquo;Alicante pour officialiser la signature d&rsquo;un nouveau protocole de collaboration avec Richard Brisius, [&hellip;]<\/p>\n","protected":false},"author":3,"featured_media":9661,"comment_status":"closed","ping_status":"closed","sticky":false,"template":"","format":"standard","meta":{"footnotes":""},"categories":[55],"tags":[],"class_list":["post-9662","post","type-post","status-publish","format-standard","has-post-thumbnail","hentry","category-non-categorise"],"_links":{"self":[{"href":"https:\/\/aliainvestinalicante.com\/fr\/wp-json\/wp\/v2\/posts\/9662","targetHints":{"allow":["GET"]}}],"collection":[{"href":"https:\/\/aliainvestinalicante.com\/fr\/wp-json\/wp\/v2\/posts"}],"about":[{"href":"https:\/\/aliainvestinalicante.com\/fr\/wp-json\/wp\/v2\/types\/post"}],"author":[{"embeddable":true,"href":"https:\/\/aliainvestinalicante.com\/fr\/wp-json\/wp\/v2\/users\/3"}],"replies":[{"embeddable":true,"href":"https:\/\/aliainvestinalicante.com\/fr\/wp-json\/wp\/v2\/comments?post=9662"}],"version-history":[{"count":0,"href":"https:\/\/aliainvestinalicante.com\/fr\/wp-json\/wp\/v2\/posts\/9662\/revisions"}],"wp:featuredmedia":[{"embeddable":true,"href":"https:\/\/aliainvestinalicante.com\/fr\/wp-json\/wp\/v2\/media\/9661"}],"wp:attachment":[{"href":"https:\/\/aliainvestinalicante.com\/fr\/wp-json\/wp\/v2\/media?parent=9662"}],"wp:term":[{"taxonomy":"category","embeddable":true,"href":"https:\/\/aliainvestinalicante.com\/fr\/wp-json\/wp\/v2\/categories?post=9662"},{"taxonomy":"post_tag","embeddable":true,"href":"https:\/\/aliainvestinalicante.com\/fr\/wp-json\/wp\/v2\/tags?post=9662"}],"curies":[{"name":"wp","href":"https:\/\/api.w.org\/{rel}","templated":true}]}}